{"id":493070,"date":"2025-12-05T12:00:00","date_gmt":"2025-12-05T11:00:00","guid":{"rendered":"https:\/\/www.tui.com\/blog\/?p=493070"},"modified":"2025-12-04T13:32:43","modified_gmt":"2025-12-04T12:32:43","slug":"wohin-im-mai","status":"publish","type":"post","link":"https:\/\/www.tui.com\/blog\/wohin-im-mai\/","title":{"rendered":"Wohin im Mai? Entdecke die sch\u00f6nsten Reiseziele f\u00fcr den Wonnemonat"},"content":{"rendered":"<p class=\"firstTextGrey\">Der Fr\u00fchling zeigt sich zaghaft und du m\u00f6chtest schon fr\u00fcher in die W\u00e4rme starten? Dann ist der Mai genau dein Monat. Weltweit erwarten dich angenehm warme Temperaturen, erste Strandtage und bl\u00fchende Landschaften. Lass dich inspirieren und finde dein perfektes Mai-Reiseziel!<\/p>\n\n\n<p>Der Mai ist f\u00fcr mich einer der sch\u00f6nsten Reisemonate des Jahres! Wenn die Natur gr\u00fcnt und bl\u00fcht und die warmen Sonnenstrahlen die Fr\u00fchjahrsk\u00fchle vertreiben, lockt die weite Welt mit zauberhaften Reisezielen. Und wenn die Feiertage dann noch in den Mai fallen, ist dies perfekt f\u00fcr eine wohlverdiente Auszeit.<br>\u25baMit den<a href=\"https:\/\/www.tui.com\/blog\/brueckentage\/\"> Br\u00fcckentagen geschickt planen und Urlaub verdoppeln<\/a>.<\/p>\n\n\n\n<p><strong>Ideal f\u00fcr aktive Entdecker und naturbegeisterte Abenteurer:<\/strong> Wanderungen in herrlicher Natur, spannende Ausfl\u00fcge zu den sch\u00f6nsten Pl\u00e4tzen und versteckte Geheimtipps erwarten dich.<\/p>\n\n\n\n<p>Die frische Fr\u00fchlingsluft bei Bike-&amp; Radtouren genie\u00dfen? Abschlagen auf gepflegten Golfpl\u00e4tzen in sattem Gr\u00fcn? Trainieren f\u00fcr den Start in die Tennissaison? Der Mai bietet optimale Bedingungen f\u00fcr jeden sportlichen Urlaubstraum! Das Beste daran? Viele beliebte Urlaubsziele sind noch angenehm ruhig und entspannt, fernab des sommerlichen Trubels. Gleichzeitig profitierst du von attraktiven Preisen und g\u00fcnstigen Angeboten, die dein Reisebudget schonen. \u25ba <a href=\"https:\/\/www.tui.com\/blog\/guenstig-reisen-mit-diesen-10-tipps-sparst-du-bei-der-urlaubsbuchung\/\">Mit diesen 10 Tipps sparst du bei der Urlaubsbuchung<\/a>.<\/p>\n\n\n<div class=\"table-of-contents\">\r\n    <div class=\"toc-head\">\r\n        <span class=\"toc-headline\">Inhalt<\/span>\r\n        <button class=\"toggle-toc\"\r\n            aria-expanded=\"false\"\r\n            aria-controls=\"toc-list\"\r\n            aria-label=\"Inhaltsverzeichnis ein- oder ausklappen\">\r\n            <svg xmlns=\"http:\/\/www.w3.org\/2000\/svg\" width=\"17.503\" height=\"10.303\" viewBox=\"0 0 17.503 10.303\">\r\n                <path id=\"Icon_ionic-ios-arrow-back\" data-name=\"Icon ionic-ios-arrow-back\" d=\"M14.356,14.943l6.819-6.618a1.22,1.22,0,0,0,0-1.766,1.321,1.321,0,0,0-1.824,0l-7.726,7.5a1.223,1.223,0,0,0-.038,1.725l7.758,7.55a1.323,1.323,0,0,0,1.824,0,1.22,1.22,0,0,0,0-1.766Z\" transform=\"translate(23.697 -11.251) rotate(90)\" fill=\"#1B115C\"><\/path>\r\n            <\/svg>\r\n        <\/button>\r\n    <\/div>\r\n    <ul id=\"toc-list\" class=\"toc-list\"><\/ul>\r\n<\/div>\n\n\n<h2 class=\"wp-block-heading\">Griechische Inseln<\/h2>\n\n\n    <div class=\"wp-caption tui-image-module\">\r\n    <img decoding=\"async\" src=\"https:\/\/www.tui.com\/blog\/wp-content\/uploads\/2023\/04\/korfu-sehenswuerdigkeiten-paleokastritsa-shutterstock-balate-dolin.jpg\" alt=\"Traumhaft sch\u00f6n: Paleokastritsa\" \/>\r\n            <p class=\"wp-caption-text\">Traumhaft sch\u00f6n: Paleokastritsa auf Korfu!<span> | Shutterstock | Blate Dolin<\/span><\/p>\r\n        <\/div>\r\n    \n\n\n<p>Im Mai erwachen viele Inseln im Mittelmeer aus dem Winterschlaf, zum Beispiel <a href=\"https:\/\/www.tui.com\/urlaub\/griechenland\/korfu\/\" target=\"_blank\" rel=\"noreferrer noopener\">Korfu<\/a> oder <a href=\"https:\/\/www.tui.com\/urlaub\/griechenland\/rhodos\/\" target=\"_blank\" rel=\"noreferrer noopener\">Rhodos<\/a>. Das Wetter ist meist angenehm mit Temperaturen um die 20\u00b0C, die Sonne scheint 7-8 Stunden am Tag und es weht eine frische Meeresbrise. Entdecke die Inseln, genie\u00dfe die Fr\u00fchlingsgerichte der leckeren Mittelmeerk\u00fcche und wandere durch gr\u00fcne <strong>Olivenhaine und Zypressenw\u00e4lder<\/strong> mit duftenden Kr\u00e4utern.<\/p>\n\n\n\n<p><strong>Nicht verpassen auf Korfu: <\/strong><\/p>\n\n\n\n<ul class=\"wp-block-list\">\n<li>Achillion Palast, die Sommerresidenz von Kaiserin Sissi<\/li>\n\n\n\n<li>Die Altstadt von Korfu Stadt \u2013 UNESCO Welterbe<\/li>\n\n\n\n<li>Kap Drastis im Nordwesten der Insel \u2013 spektakul\u00e4re Sandsteinklippen und herrliches Fotomotiv<\/li>\n<\/ul>\n\n\n<div class=\"container !max-w-5xl\">\r\n    <div class=\"my-16 lg:my-32\">\r\n        <tui-hotel-offer-cards\r\n                class=\"tui-component \"\r\n                scope=\"hotelOfferCards6m-block_827c602c4598a5f133bae914c5d9ce08\"\r\n                show-information=\"false\"\r\n                data-stencil=\"true\"\r\n                data-version=\"v2\"\r\n                data-theme=\"tui-light\"\r\n                open-in-new-tab=\"true\"\r\n                tenant=\"TUICOM\"\r\n                locale=\"de-DE\"\r\n                search-scope=\"PACKAGE\"\r\n                data-legacy-font\r\n                show-price-advantage=\"true\"filter-giata-codes=\"677, 687, 13163, 667, 54446\"show-cards-carousel=\"true\"show-brand=\"true\"show-board-type=\"true\"show-banderole=\"true\"show-board-type=\"false\"show-room-type=\"true\"show-category=\"true\"show-heart=\"false\"show-image-carousel=\"false\"price-type=\"per_person\"show-recommendation=\"true\"static-url-parameters=\"contentid=blog_\"event-scope=\"next-six-months-offers\"filter-results-total=\"6\"filter-min-price=\"1\"variant=\"medium\"search-duration=\"7\"search-departure-date=\"2026-04-30\"search-return-date=\"2026-10-29\"        ><\/tui-hotel-offer-cards>\r\n\r\n    <\/div>\r\n<\/div>\r\n\n\n\n<p><\/p>\n\n\n\n<p><strong>Fr\u00fchlingstipps f\u00fcr Rhodos:<\/strong><\/p>\n\n\n\n<ul class=\"wp-block-list\">\n<li>Das pittoreske St\u00e4dtchen Lindos mit wei\u00df gekalkten H\u00e4usern, kleinen G\u00e4sschen und der Akropolis<\/li>\n\n\n\n<li>Die Altstadt von Rhodos Stadt mit Gro\u00dfmeisterpalast und Ritterstra\u00dfe<\/li>\n\n\n\n<li>Die Anthony Quinn Bucht s\u00fcdlich von Faliraki mit t\u00fcrkisblauem Wasser<\/li>\n<\/ul>\n\n\n<div class=\"container !max-w-5xl\">\r\n    <div class=\"my-16 lg:my-32\">\r\n        <tui-hotel-offer-cards\r\n                class=\"tui-component \"\r\n                scope=\"hotelOfferCards6m-block_3316946fd1f9c177c70767c7e53075e1\"\r\n                show-information=\"false\"\r\n                data-stencil=\"true\"\r\n                data-version=\"v2\"\r\n                data-theme=\"tui-light\"\r\n                open-in-new-tab=\"true\"\r\n                tenant=\"TUICOM\"\r\n                locale=\"de-DE\"\r\n                search-scope=\"PACKAGE\"\r\n                data-legacy-font\r\n                show-price-advantage=\"true\"filter-giata-codes=\"238866, 40156, 16375, 1258, 28518\"show-cards-carousel=\"true\"show-brand=\"true\"show-board-type=\"true\"show-banderole=\"true\"show-board-type=\"false\"show-room-type=\"true\"show-category=\"true\"show-heart=\"false\"show-image-carousel=\"false\"price-type=\"per_person\"show-recommendation=\"true\"static-url-parameters=\"contentid=blog_\"event-scope=\"next-six-months-offers\"filter-results-total=\"6\"filter-min-price=\"1\"variant=\"medium\"search-duration=\"7\"search-departure-date=\"2026-04-30\"search-return-date=\"2026-10-29\"        ><\/tui-hotel-offer-cards>\r\n\r\n    <\/div>\r\n<\/div>\r\n\n\n\n<h2 class=\"wp-block-heading\">Kroatien<\/h2>\n\n\n    <div class=\"wp-caption tui-image-module\">\r\n    <img decoding=\"async\" src=\"https:\/\/www.tui.com\/blog\/wp-content\/uploads\/2025\/12\/kroatien-supetar-boote.jpg\" alt=\"Hafen Supetar in Kroatien mit Booten\" \/>\r\n            <p class=\"wp-caption-text\">Flanieren am kleinen Hafen von Supetar in Kroatien. <span> | \u00a9 | TUI Group<\/span><\/p>\r\n        <\/div>\r\n    \n\n\n<p>Das Land mit \u00fcber 6.000 Kilometern K\u00fcste und <strong>mehr als 1.000 Inseln<\/strong> hat eine recht kurze Sommersaison. Entsprechend sind die Preise im Juli &amp; August h\u00f6her, w\u00e4hrend du im Mai und September g\u00fcnstiger reist. Und es ist nicht so voll. Meine Lieblingsinsel ist Bra\u010d in<a href=\"https:\/\/www.tui.com\/urlaub\/kroatien\/dalmatien\/\" target=\"_blank\" rel=\"noreferrer noopener\"> Dalmatien<\/a>. Von Split aus kommst du mit der F\u00e4hre einfach hin und gerade in der Vorsaison findest du hier authentisches <strong>entspanntes Flair in h\u00fcbschen Orten<\/strong> wie Supetar, Sutivan oder Milna. Die Insel ist perfekt zum Wandern, Biken und Tennisspielen \u2013 in Bol gibt es ein Tenniszentrum mit 26 Sandpl\u00e4tzen.<\/p>\n\n\n\n<p><strong>Meine Insider Tipps f\u00fcr Bra\u010d:<\/strong><\/p>\n\n\n\n<ul class=\"wp-block-list\">\n<li>Bummeln in Bol: mit einem Glas Stina Wein die Beine von der Hafenmauer baumeln lassen und Fischspezialit\u00e4ten genie\u00dfen im Ribarska Ku\u0107ica mit Blick aufs h\u00fcbsche Kloster<\/li>\n\n\n\n<li>Panorama-Ausblick vom Berg Vidova Gora auf den ber\u00fchmten Strand \u201eGoldenes Horn\u201c und die Nachbarinsel Hvar<\/li>\n\n\n\n<li>Brachia Olive Oil Experience bei Sumartin \u2013 Oliven\u00f6l Tastings und reizende Souvenirs<\/li>\n<\/ul>\n\n\n<div class=\"container !max-w-5xl\">\r\n    <div class=\"my-16 lg:my-32\">\r\n        <tui-hotel-offer-cards\r\n                class=\"tui-component \"\r\n                scope=\"hotelOfferCards6m-block_e8aced38fbccff236484f84d3ac2d7dd\"\r\n                show-information=\"false\"\r\n                data-stencil=\"true\"\r\n                data-version=\"v2\"\r\n                data-theme=\"tui-light\"\r\n                open-in-new-tab=\"true\"\r\n                tenant=\"TUICOM\"\r\n                locale=\"de-DE\"\r\n                search-scope=\"HOTEL\"\r\n                data-legacy-font\r\n                show-price-advantage=\"true\"filter-giata-codes=\"1125668, 9175, 6871, 12878, 411783\"show-cards-carousel=\"true\"show-brand=\"true\"show-board-type=\"true\"show-banderole=\"true\"show-board-type=\"false\"show-room-type=\"true\"show-category=\"true\"show-heart=\"false\"show-image-carousel=\"false\"price-type=\"per_person\"show-recommendation=\"true\"static-url-parameters=\"contentid=blog_\"event-scope=\"next-six-months-offers\"filter-results-total=\"6\"filter-min-price=\"1\"variant=\"medium\"search-duration=\"7\"search-departure-date=\"2026-04-30\"search-return-date=\"2026-10-29\"        ><\/tui-hotel-offer-cards>\r\n\r\n    <\/div>\r\n<\/div>\r\n\n\n\n<h2 class=\"wp-block-heading\">Mallorca<\/h2>\n\n\n    <div class=\"wp-caption tui-image-module\">\r\n    <img decoding=\"async\" src=\"https:\/\/www.tui.com\/blog\/wp-content\/uploads\/2025\/05\/mallorca_cala_gat_adobestock_144784128_pixelliebe.jpg\" alt=\"Blick auf die sch\u00f6nes Bucht von Cala Gat, Mallorca\" \/>\r\n            <p class=\"wp-caption-text\">Die traumhafte Bucht von Cala Gat<span> | Adobe Stock | pixelliebe<\/span><\/p>\r\n        <\/div>\r\n    \n\n\n<p>Im Mai wird es lebhaft an der<a href=\"https:\/\/www.tui.com\/urlaub\/spanien\/mallorca\/playa-de-palma\/\" target=\"_blank\" rel=\"noreferrer noopener\"> Playa de Palma<\/a>. Genau richtig, um zu zweit oder mit Freunden Sonne, Strand und Nightlife zu genie\u00dfen! Der Osten von <a href=\"https:\/\/www.tui.com\/urlaub\/spanien\/mallorca\/\" target=\"_blank\" rel=\"noreferrer noopener\">Mallorca<\/a> ist perfekt f\u00fcr Biker mit vielen Touren auf <strong>gut erschlossenen Radwegen<\/strong> unterschiedlicher Levels. Die Landschaft ist eine Augenweide mit wundersch\u00f6nen Buchten wie Cala Mesquida oder Cala Ratjada, h\u00fcbschen Orten wie Art\u00e1 und Son Servera. Das <strong>Tramuntana Gebirge<\/strong> ist herrlich f\u00fcr Wanderungen. <strong>Tipp:<\/strong> Der Sa Foradada Felsen. Zudem lockt die gr\u00f6\u00dfte Balearen-Insel im Mai mit vielen Veranstaltungen. <\/p>\n\n\n\n<p><strong>Feste und Feierlichkeiten auf Mallorca<\/strong><\/p>\n\n\n\n<ul class=\"wp-block-list\">\n<li><strong>Mittelaltermarkt<\/strong> in Capdepera \u2013 ein Spektakel mit Rittern, Kunsthandwerk, Musik und Gauklern.<\/li>\n\n\n\n<li>Am 1. Mai wird in Estellencs jedes Jahr die <strong>Wein- und K\u00e4semesse<\/strong> gefeiert mit leckeren Inselspezialit\u00e4ten und h\u00fcbschen Souvenirs<\/li>\n\n\n\n<li>Fira en Flor \u2013 das <strong>Blumenfest<\/strong> im entz\u00fcckenden kleinen Ort Costitx findet ebenfalls am 1. Mai statt<\/li>\n<\/ul>\n\n\n<div class=\"container !max-w-5xl\">\r\n    <div class=\"my-16 lg:my-32\">\r\n        <tui-hotel-offer-cards\r\n                class=\"tui-component \"\r\n                scope=\"hotelOfferCards6m-block_8ef49c8b0ff6ce6ec72267c5b22c1ccf\"\r\n                show-information=\"false\"\r\n                data-stencil=\"true\"\r\n                data-version=\"v2\"\r\n                data-theme=\"tui-light\"\r\n                open-in-new-tab=\"true\"\r\n                tenant=\"TUICOM\"\r\n                locale=\"de-DE\"\r\n                search-scope=\"PACKAGE\"\r\n                data-legacy-font\r\n                show-price-advantage=\"true\"filter-giata-codes=\"20450, 20453, 674842, 5188, 6648\"show-cards-carousel=\"true\"show-brand=\"true\"show-board-type=\"true\"show-banderole=\"true\"show-board-type=\"false\"show-room-type=\"true\"show-category=\"true\"show-heart=\"false\"show-image-carousel=\"false\"price-type=\"per_person\"show-recommendation=\"true\"static-url-parameters=\"contentid=blog_\"event-scope=\"next-six-months-offers\"filter-results-total=\"6\"filter-min-price=\"1\"variant=\"medium\"search-duration=\"7\"search-departure-date=\"2026-04-30\"search-return-date=\"2026-10-29\"        ><\/tui-hotel-offer-cards>\r\n\r\n    <\/div>\r\n<\/div>\r\n\n\n\n<h2 class=\"wp-block-heading\">Ibiza<\/h2>\n\n\n\n<p><a href=\"https:\/\/www.tui.com\/urlaub\/spanien\/ibiza\/\" target=\"_blank\" rel=\"noreferrer noopener\">Ibiza<\/a> im Mai verspricht angenehmes Wetter, Mu\u00dfe, um in Ruhe durch <strong>Ibiza-Stadt<\/strong> zu bummeln und Spa\u00df bei der einen oder anderen Er\u00f6ffnungsparty \u2013 hier startet man nach dem Winter mit viel Energie in die Saison. Viele Hotels bieten gute Sportm\u00f6glichkeiten und beheizte Pools. Auch bietet sich die Insel im Mai perfekt an, um einen entspannten <a href=\"https:\/\/www.tui.com\/pauschalreisen\/familienurlaub\/\" target=\"_blank\" rel=\"noreferrer noopener\">Familienurlaub<\/a> mit den kleinen Kids zu machen und dabei selbst aktiv zu sein und was f\u00fcr sich zu tun.<\/p>\n\n\n<div class=\"container !max-w-5xl\">\r\n    <div class=\"my-16 lg:my-32\">\r\n        <tui-hotel-offer-cards\r\n                class=\"tui-component \"\r\n                scope=\"hotelOfferCards6m-block_f072faa51fe8f44218953840a8bc7761\"\r\n                show-information=\"false\"\r\n                data-stencil=\"true\"\r\n                data-version=\"v2\"\r\n                data-theme=\"tui-light\"\r\n                open-in-new-tab=\"true\"\r\n                tenant=\"TUICOM\"\r\n                locale=\"de-DE\"\r\n                search-scope=\"PACKAGE\"\r\n                data-legacy-font\r\n                show-price-advantage=\"true\"filter-giata-codes=\"2910, 359504, 2838, 21071, 2833\"show-cards-carousel=\"true\"show-brand=\"true\"show-board-type=\"true\"show-banderole=\"true\"show-board-type=\"false\"show-room-type=\"true\"show-category=\"true\"show-heart=\"false\"show-image-carousel=\"false\"price-type=\"per_person\"show-recommendation=\"true\"static-url-parameters=\"contentid=blog_\"event-scope=\"next-six-months-offers\"filter-results-total=\"6\"filter-min-price=\"1\"variant=\"medium\"search-duration=\"7\"search-departure-date=\"2026-04-30\"search-return-date=\"2026-10-29\"        ><\/tui-hotel-offer-cards>\r\n\r\n    <\/div>\r\n<\/div>\r\n\n\n\n<h2 class=\"wp-block-heading\"><strong><strong>T\u00fcrkische \u00c4g\u00e4is &#8211; Sarigerme<\/strong><\/strong><\/h2>\n\n\n    <div class=\"wp-caption tui-image-module\">\r\n    <img decoding=\"async\" src=\"https:\/\/www.tui.com\/blog\/wp-content\/uploads\/2025\/12\/tuerkei_Sarigerme_TUI-MAGIC-LIFE_Strand.jpg\" alt=\"Balinesische Betten am Strand vom TUI MAGIC LIFE Sarigerme\" \/>\r\n            <p class=\"wp-caption-text\">Entspannen am sch\u00f6nen Sandstrand am TUI MAGIC LIFE Sarigerme <span> | \u00a9 | TUI Group<\/span><\/p>\r\n        <\/div>\r\n    \n\n\n<p>Die <a href=\"https:\/\/www.tui.com\/urlaub\/tuerkei\/sarigerme\/\" target=\"_blank\" rel=\"noreferrer noopener\">Sarigerme Bucht <\/a>ist ein echtes Juwel f\u00fcr alle, die <strong>unber\u00fchrte Natur und Ruhe <\/strong>suchen. Der kilometerlange Sandstrand geh\u00f6rt zu den sch\u00f6nsten der Region. Das kristallklare, t\u00fcrkisfarbene Wasser l\u00e4dt zum Schwimmen und Schnorcheln ein, <strong>umliegende Pinienw\u00e4lder <\/strong>sorgen f\u00fcr angenehmen Schatten. In den nahegelegenen D\u00f6rfern findest du authentisches t\u00fcrkisches Flair. Besonders attraktiv ist die N\u00e4he zum antiken Kaunos und den ber\u00fchmten Dalyan-Schildkr\u00f6tenstr\u00e4nden \u2013 perfekt f\u00fcr Tagesausfl\u00fcge. \u25ba <a href=\"https:\/\/experiences.tui.com\/index\/search\/?text=sarigerme\" target=\"_blank\" rel=\"noreferrer noopener\">Ausfl\u00fcge und Aktivit\u00e4ten Sarigerme<\/a><\/p>\n\n\n<div class=\"container !max-w-5xl\">\r\n    <div class=\"my-16 lg:my-32\">\r\n        <tui-hotel-offer-cards\r\n                class=\"tui-component \"\r\n                scope=\"hotelOfferCards6m-block_9af35ad378965f9d2afdb819200c120d\"\r\n                show-information=\"false\"\r\n                data-stencil=\"true\"\r\n                data-version=\"v2\"\r\n                data-theme=\"tui-light\"\r\n                open-in-new-tab=\"true\"\r\n                tenant=\"TUICOM\"\r\n                locale=\"de-DE\"\r\n                search-scope=\"PACKAGE\"\r\n                data-legacy-font\r\n                show-price-advantage=\"true\"filter-giata-codes=\"16663, 42499, 4459, 134459, 4184\"show-cards-carousel=\"true\"show-brand=\"true\"show-board-type=\"true\"show-banderole=\"true\"show-board-type=\"false\"show-room-type=\"true\"show-category=\"true\"show-heart=\"false\"show-image-carousel=\"false\"price-type=\"per_person\"show-recommendation=\"true\"static-url-parameters=\"contentid=blog_\"event-scope=\"next-six-months-offers\"filter-results-total=\"6\"filter-min-price=\"1\"variant=\"medium\"search-duration=\"7\"search-departure-date=\"2026-04-30\"search-return-date=\"2026-10-29\"        ><\/tui-hotel-offer-cards>\r\n\r\n    <\/div>\r\n<\/div>\r\n\n\n\n<h2 class=\"wp-block-heading\"><strong>Zypern \u2013 Insel der Aphrodite<\/strong><\/h2>\n\n\n\n<p>Die drittgr\u00f6\u00dfte Mittelmeerinsel <a href=\"https:\/\/www.tui.com\/pauschalreisen\/zypern\/\" target=\"_blank\" rel=\"noreferrer noopener\">Zypern<\/a> begeistert im Mai mit traumhaften Str\u00e4nden,<strong> jahrtausendealter Kultur<\/strong> und mildem Klima. Must sees f\u00fcr jeden Urlaubsgeschmack: lebhafte Resorts in Ayia Napa und Limassol, st\u00e4dtische Kultur in Paphos und Larnaca, idyllische Bergd\u00f6rfer im Troodos-Gebirge. Kristallklares Wasser, <strong>versteckte Buchten und goldene Sandstr\u00e4nde<\/strong> sind ein Paradies f\u00fcr Sonnenanbeter und Wassersportler. <strong>Die zypriotische K\u00fcche ist ein Highlight<\/strong> f\u00fcr sich: Mezze, Halloumi und lokale Weine, dazu die herzliche Gastfreundschaft der Einheimischen!<\/p>\n\n\n<div class=\"tui-infobox__small \">\r\n    <div class=\"inner\">\r\n                    <p class=\"title\">TOP 5 Insider-Tipps f\u00fcr Zypern <\/p>\r\n        \r\n                    <div class=\"infobox_image_wrapper\">\r\n                <img decoding=\"async\" src=\"https:\/\/www.tui.com\/blog\/wp-content\/uploads\/2022\/05\/zypern-sehenswuerdigkeiten-dorf-omodos-shutterstock-1085108861-leoks.jpg\" class=\"infobox_small_image\" title=\"zypern-sehenswuerdigkeiten-dorf-omodos-shutterstock-1085108861-leoks\" alt=\"Das Dorf Omodos in den Tro\u00f6dos Bergen von Zypern\" \/>\r\n                            <\/div>\r\n                            <span class=\"copyright-outside\">&copy; Shutterstock | leoks<\/span>\r\n                    \r\n                    <p><strong>1. Akamas-Halbinsel erkunden<\/strong><br \/>\nPer Quad oder Jeep die wilde, unber\u00fchrte Akamas-Halbinsel im Nordwesten entdecken. Die Blaue Lagune und der Aphrodite-Trail sind spektakul\u00e4r!<br \/>\n<strong>2. Sonnenuntergang in Kato Paphos Archaeological Park<\/strong><br \/>\nBesucht die antiken Ruinen nicht tags\u00fcber, sondern kurz vor Sonnenuntergang. Weniger Touristen, angenehmere Temperaturen und magisches Licht \u00fcber den r\u00f6mischen Mosaiken.<br \/>\n<strong>3. Bergdorf Omodos im Troodos<\/strong><br \/>\nFahrt ins charmante Weindorf Omodos mit seinen kopfsteingepflasterten Gassen. Probiert lokale Weine direkt bei den Winzern, genie\u00dft traditionelle Mezze in famili\u00e4ren Tavernen \u2013 f\u00fcr ein authentisches Zypern!<br \/>\n<strong>4. Fr\u00fchst\u00fcck am Fischmarkt in Limassol<\/strong><br \/>\nStartet euren Tag am alten Hafen von Limassol mit frischem Fisch, Halloumi und zypriotischem Kaffee. Die Einheimischen-Atmosph\u00e4re ist unbezahlbar, und ihr erlebt das echte Leben der Zyprioten.<br \/>\n<strong>5. Geheimtipp: Lara Beach zur Schildkr\u00f6ten-Saison<\/strong><br \/>\nAm abgelegenen Lara Beach legen die Caretta Meeresschildkr\u00f6ten ab Mai ihre Eier ab, die kleinen Schildkr\u00f6ten schl\u00fcpfen dann ca. im August. Bei einer Tour zur Schutzstation gibt es viele interessante Informationen \u00fcber diese faszinierenden und sch\u00fctzenswerten Tiere!<\/p>\n<p>Hier noch weitere spannende <a href=\"https:\/\/experiences.tui.com\/index\/search\/?text=zypern\" target=\"_blank\" rel=\"noopener\">Ausfl\u00fcge auf Zypern<\/a>!<\/p>\n            <\/div>\r\n<\/div>\n\n\n<p><\/p>\n\n\n<div class=\"container !max-w-5xl\">\r\n    <div class=\"my-16 lg:my-32\">\r\n        <tui-hotel-offer-cards\r\n                class=\"tui-component \"\r\n                scope=\"hotelOfferCards6m-block_631965484fdfa2cb513b2850ffcb53d1\"\r\n                show-information=\"false\"\r\n                data-stencil=\"true\"\r\n                data-version=\"v2\"\r\n                data-theme=\"tui-light\"\r\n                open-in-new-tab=\"true\"\r\n                tenant=\"TUICOM\"\r\n                locale=\"de-DE\"\r\n                search-scope=\"PACKAGE\"\r\n                data-legacy-font\r\n                show-price-advantage=\"true\"filter-giata-codes=\"40120, 38337, 5154, 5015, 5020\"show-cards-carousel=\"true\"show-brand=\"true\"show-board-type=\"true\"show-banderole=\"true\"show-board-type=\"false\"show-room-type=\"true\"show-category=\"true\"show-heart=\"false\"show-image-carousel=\"false\"price-type=\"per_person\"show-recommendation=\"true\"static-url-parameters=\"contentid=blog_\"event-scope=\"next-six-months-offers\"filter-results-total=\"6\"filter-min-price=\"1\"variant=\"medium\"search-duration=\"7\"search-departure-date=\"2026-04-30\"search-return-date=\"2026-10-29\"        ><\/tui-hotel-offer-cards>\r\n\r\n    <\/div>\r\n<\/div>\r\n\n\n\n<h2 class=\"wp-block-heading\">Italien &#8211; Kalabrien<\/h2>\n\n\n    <div class=\"wp-caption tui-image-module\">\r\n    <img decoding=\"async\" src=\"https:\/\/www.tui.com\/blog\/wp-content\/uploads\/2025\/12\/Kalabrien_tui_magic_life_Kulinarik_Trattoria.jpg\" alt=\"Gedeckter Tisch mit K\u00f6stlichkeiten\" \/>\r\n            <p class=\"wp-caption-text\">Kulinarisch verw\u00f6hnen lassen &#8211; im TUI MAGIC LIFE Calabria<span> | \u00a9 | TUI Group<\/span><\/p>\r\n        <\/div>\r\n    \n\n\n<p>Bei der Frage, wohin im Mai in den Urlaub, ist <a href=\"https:\/\/www.tui.com\/urlaub\/italien\/kalabrien\/\" target=\"_blank\" rel=\"noreferrer noopener\">Kalabrien<\/a> ein echter Geheimtipp f\u00fcr <strong>authentisches Italien<\/strong> abseits der Hochsaison. Die Temperaturen sind zum Baden als auch zum Erkunden geeignet, w\u00e4hrend die traumhaften Str\u00e4nde noch herrlich leer sind. Die kalabrische K\u00fcche zeigt sich von ihrer besten Seite: frischer Schwertfisch, Bergamotte-Spezialit\u00e4ten und lokale Weine. Die Natur explodiert f\u00f6rmlich \u2013 von<strong> bl\u00fchenden Zitronenhainen<\/strong> bis zu gr\u00fcnen H\u00fcgeln des Aspromonte-Nationalparks.<\/p>\n\n\n<div class=\"container !max-w-5xl\">\r\n    <div class=\"my-16 lg:my-32\">\r\n        <tui-hotel-offer-cards\r\n                class=\"tui-component \"\r\n                scope=\"hotelOfferCards6m-block_9356ea6ba658a8b865578698221b032d\"\r\n                show-information=\"false\"\r\n                data-stencil=\"true\"\r\n                data-version=\"v2\"\r\n                data-theme=\"tui-light\"\r\n                open-in-new-tab=\"true\"\r\n                tenant=\"TUICOM\"\r\n                locale=\"de-DE\"\r\n                search-scope=\"PACKAGE\"\r\n                data-legacy-font\r\n                show-price-advantage=\"true\"filter-giata-codes=\"40123, 613784, 24083, 22198, 33034\"show-cards-carousel=\"true\"show-brand=\"true\"show-board-type=\"true\"show-banderole=\"true\"show-board-type=\"false\"show-room-type=\"true\"show-category=\"true\"show-heart=\"false\"show-image-carousel=\"false\"price-type=\"per_person\"show-recommendation=\"true\"static-url-parameters=\"contentid=blog_\"event-scope=\"next-six-months-offers\"filter-results-total=\"6\"filter-min-price=\"1\"variant=\"medium\"search-duration=\"7\"search-departure-date=\"2026-04-30\"search-return-date=\"2026-10-29\"        ><\/tui-hotel-offer-cards>\r\n\r\n    <\/div>\r\n<\/div>\r\n\n\n\n<h2 class=\"wp-block-heading\">Italien &#8211; Sardinien <\/h2>\n\n\n    <div class=\"wp-caption tui-image-module\">\r\n    <img decoding=\"async\" src=\"https:\/\/www.tui.com\/blog\/wp-content\/uploads\/2025\/03\/schoenste-straende-italien-cala-mariolu-sardinien.jpg\" alt=\"Cala Mariolu auf Sardinien\" \/>\r\n            <p class=\"wp-caption-text\">Glasklares Wasser, weicher Sandstrand am Cala Mariolu auf Sardinien.<span> | Adobe Stock |  Gabriele Maltinti<\/span><\/p>\r\n        <\/div>\r\n    \n\n\n<p><a href=\"https:\/\/www.tui.com\/urlaub\/italien\/sardinien\/\" target=\"_blank\" rel=\"noreferrer noopener\">Sardinien<\/a> lockt im Mai ebenfalls mit <strong>angenehm warmen Temperaturen<\/strong> und noch leeren Traumstr\u00e4nden. Das Meer hat bereits (erfrischende) Badetemperatur, die Macchia bl\u00fcht duftend, und die Preise sind deutlich g\u00fcnstiger als in der Hochsaison. Sehr gute Bedingungen f\u00fcr <strong>Wanderungen und Bootstouren <\/strong>zu versteckten Buchten. Entdecke Sardinien bei einer Bootsfahrt zu den La Maddalena Inseln \u25ba <a href=\"https:\/\/experiences.tui.com\/index\/search\/?text=La%20Maddalena\" target=\"_blank\" rel=\"noreferrer noopener\">Ausfl\u00fcge La Maddalena<\/a><\/p>\n\n\n<div class=\"container !max-w-5xl\">\r\n    <div class=\"my-16 lg:my-32\">\r\n        <tui-hotel-offer-cards\r\n                class=\"tui-component \"\r\n                scope=\"hotelOfferCards6m-block_7aef08c90c74bba83303ef5116e80d00\"\r\n                show-information=\"false\"\r\n                data-stencil=\"true\"\r\n                data-version=\"v2\"\r\n                data-theme=\"tui-light\"\r\n                open-in-new-tab=\"true\"\r\n                tenant=\"TUICOM\"\r\n                locale=\"de-DE\"\r\n                search-scope=\"PACKAGE\"\r\n                data-legacy-font\r\n                show-price-advantage=\"true\"filter-giata-codes=\"63107, 21762, 34516, 302300, 412700\"show-cards-carousel=\"true\"show-brand=\"true\"show-board-type=\"true\"show-banderole=\"true\"show-board-type=\"false\"show-room-type=\"true\"show-category=\"true\"show-heart=\"false\"show-image-carousel=\"false\"price-type=\"per_person\"show-recommendation=\"true\"static-url-parameters=\"contentid=blog_\"event-scope=\"next-six-months-offers\"filter-results-total=\"6\"filter-min-price=\"1\"variant=\"medium\"search-duration=\"7\"search-departure-date=\"2026-04-30\"search-return-date=\"2026-10-29\"        ><\/tui-hotel-offer-cards>\r\n\r\n    <\/div>\r\n<\/div>\r\n\n\n\n<h3 class=\"wp-block-heading\">Mehr Urlaubsinspiration auf dem TUI Reiseblog<\/h3>\n\n\n    <div class=\"toparticle-item toparticle-block\">\r\n        <div class=\"row\">\r\n                            <article class=\"toparticle\" style=\"background-image: url('https:\/\/www.tui.com\/blog\/wp-content\/uploads\/2024\/12\/reisen_urlaub_2026_adobestock_1690881159_mahabalage.jpg')\" role=\"img\" aria-label=\"Urlaub 2026: Top Reiseziele und angesagte Trends\">\r\n                    <a href=\"https:\/\/www.tui.com\/blog\/top-reiseziele-und-trends\/\" target=\"https:\/\/www.tui.com\/blog\/top-reiseziele-und-trends\/\" class=\"toparticle-gradient\" aria-label=\"Top Article Link\"><\/a>\r\n                                            <div class=\"toparticle-panel \">\r\n                            <p class=\"toparticle-title\">Urlaub 2026: Top Reiseziele und angesagte Trends<\/p>\r\n                                                    <\/div>\r\n                                    <\/article>\r\n                            <article class=\"toparticle\" style=\"background-image: url('https:\/\/www.tui.com\/blog\/wp-content\/uploads\/2024\/01\/vietnam-robinson-nam-hoi-an-da-nang-vietnam-sunset.jpg')\" role=\"img\" aria-label=\"Neue Hotels bei TUI\">\r\n                    <a href=\"https:\/\/www.tui.com\/blog\/tui-neueroeffnung\/\" target=\"https:\/\/www.tui.com\/blog\/tui-neueroeffnung\/\" class=\"toparticle-gradient\" aria-label=\"Top Article Link\"><\/a>\r\n                                            <div class=\"toparticle-panel \">\r\n                            <p class=\"toparticle-title\">Neue Hotels bei TUI<\/p>\r\n                                                    <\/div>\r\n                                    <\/article>\r\n                    <\/div>\r\n    <\/div>\r\n","protected":false},"excerpt":{"rendered":"<p>Der Fr\u00fchling zeigt sich zaghaft und du m\u00f6chtest schon fr\u00fcher in die W\u00e4rme starten? Dann ist der Mai genau dein Monat. Weltweit erwarten dich angenehm warme Temperaturen, erste Strandtage und bl\u00fchende Landschaften. Lass dich inspirieren und finde dein perfektes Mai-Reiseziel!<\/p>\n","protected":false},"author":178,"featured_media":493364,"comment_status":"open","ping_status":"open","sticky":false,"template":"","format":"standard","meta":{"_acf_changed":false,"footnotes":""},"categories":[4068,4052,4072,4070],"tags":[1463,514,2718],"class_list":["post-493070","post","type-post","status-publish","format-standard","has-post-thumbnail","hentry","category-archiv-beste-reisezeit","category-archiv-reisearten","category-archiv-reiseplanung","category-archiv-reisetipps","tag-beliebte-reiseziele","tag-fruehling","tag-reiseinspiration"],"acf":[],"yoast_head":"<!-- This site is optimized with the Yoast SEO plugin v27.4 - https:\/\/yoast.com\/product\/yoast-seo-wordpress\/ -->\n<title>Wohin im Mai in den Urlaub? - TUI.com Reiseblog \u2600<\/title>\n<meta name=\"description\" content=\"Urlaub aber wohin im Mai? Wir haben f\u00fcr dich die sch\u00f6nsten Reisziele zusammengestellt, damit du im Mai genau die Auszeit findest, die du dir w\u00fcnscht.\" \/>\n<meta name=\"robots\" content=\"index, follow, max-snippet:-1, max-image-preview:large, max-video-preview:-1\" \/>\n<link rel=\"canonical\" href=\"https:\/\/www.tui.com\/blog\/wohin-im-mai\/\" \/>\n<meta property=\"og:locale\" content=\"de_DE\" \/>\n<meta property=\"og:type\" content=\"article\" \/>\n<meta property=\"og:title\" content=\"Wohin im Mai in den Urlaub? - TUI.com Reiseblog \u2600\" \/>\n<meta property=\"og:description\" content=\"Urlaub aber wohin im Mai? Wir haben f\u00fcr dich die sch\u00f6nsten Reisziele zusammengestellt, damit du im Mai genau die Auszeit findest, die du dir w\u00fcnscht.\" \/>\n<meta property=\"og:url\" content=\"https:\/\/www.tui.com\/blog\/wohin-im-mai\/\" \/>\n<meta property=\"og:site_name\" content=\"TUI.com Reiseblog \u2600\" \/>\n<meta property=\"article:published_time\" content=\"2025-12-05T11:00:00+00:00\" \/>\n<meta property=\"og:image\" content=\"https:\/\/www.tui.com\/blog\/wp-content\/uploads\/2025\/11\/Korfu_TKC-Roda-Beach_Sonnenuntergang_Beach-Bar.jpg\" \/>\n\t<meta property=\"og:image:width\" content=\"1600\" \/>\n\t<meta property=\"og:image:height\" content=\"1200\" \/>\n\t<meta property=\"og:image:type\" content=\"image\/jpeg\" \/>\n<meta name=\"author\" content=\"TUI Bloggerin Sabina\" \/>\n<meta name=\"twitter:card\" content=\"summary_large_image\" \/>\n<meta name=\"twitter:label1\" content=\"Verfasst von\" \/>\n\t<meta name=\"twitter:data1\" content=\"TUI Bloggerin Sabina\" \/>\n\t<meta name=\"twitter:label2\" content=\"Gesch\u00e4tzte Lesezeit\" \/>\n\t<meta name=\"twitter:data2\" content=\"5\u00a0Minuten\" \/>\n<script type=\"application\/ld+json\" class=\"yoast-schema-graph\">{\"@context\":\"https:\\\/\\\/schema.org\",\"@graph\":[{\"@type\":\"BlogPosting\",\"@id\":\"https:\\\/\\\/www.tui.com\\\/blog\\\/wohin-im-mai\\\/#article\",\"isPartOf\":{\"@id\":\"https:\\\/\\\/www.tui.com\\\/blog\\\/wohin-im-mai\\\/\"},\"author\":{\"name\":\"TUI Bloggerin Sabina\",\"@id\":\"https:\\\/\\\/www.tui.com\\\/blog\\\/#\\\/schema\\\/person\\\/cbf1fe396c255260d83c8c23cbb339b9\"},\"headline\":\"Wohin im Mai? Entdecke die sch\u00f6nsten Reiseziele f\u00fcr den Wonnemonat\",\"datePublished\":\"2025-12-05T11:00:00+00:00\",\"mainEntityOfPage\":{\"@id\":\"https:\\\/\\\/www.tui.com\\\/blog\\\/wohin-im-mai\\\/\"},\"wordCount\":1068,\"commentCount\":0,\"publisher\":{\"@id\":\"https:\\\/\\\/www.tui.com\\\/blog\\\/#organization\"},\"image\":{\"@id\":\"https:\\\/\\\/www.tui.com\\\/blog\\\/wohin-im-mai\\\/#primaryimage\"},\"thumbnailUrl\":\"https:\\\/\\\/www.tui.com\\\/blog\\\/wp-content\\\/uploads\\\/2025\\\/11\\\/Korfu_TKC-Roda-Beach_Sonnenuntergang_Beach-Bar.jpg\",\"keywords\":[\"Beliebte Reiseziele\",\"Fr\u00fchling\",\"Reiseinspiration\"],\"articleSection\":[\"Beste Reisezeit\",\"Reisearten\",\"Reiseplanung\",\"Reisetipps\"],\"inLanguage\":\"de\",\"potentialAction\":[{\"@type\":\"CommentAction\",\"name\":\"Comment\",\"target\":[\"https:\\\/\\\/www.tui.com\\\/blog\\\/wohin-im-mai\\\/#respond\"]}]},{\"@type\":\"WebPage\",\"@id\":\"https:\\\/\\\/www.tui.com\\\/blog\\\/wohin-im-mai\\\/\",\"url\":\"https:\\\/\\\/www.tui.com\\\/blog\\\/wohin-im-mai\\\/\",\"name\":\"Wohin im Mai in den Urlaub? - TUI.com Reiseblog \u2600\",\"isPartOf\":{\"@id\":\"https:\\\/\\\/www.tui.com\\\/blog\\\/#website\"},\"primaryImageOfPage\":{\"@id\":\"https:\\\/\\\/www.tui.com\\\/blog\\\/wohin-im-mai\\\/#primaryimage\"},\"image\":{\"@id\":\"https:\\\/\\\/www.tui.com\\\/blog\\\/wohin-im-mai\\\/#primaryimage\"},\"thumbnailUrl\":\"https:\\\/\\\/www.tui.com\\\/blog\\\/wp-content\\\/uploads\\\/2025\\\/11\\\/Korfu_TKC-Roda-Beach_Sonnenuntergang_Beach-Bar.jpg\",\"datePublished\":\"2025-12-05T11:00:00+00:00\",\"description\":\"Urlaub aber wohin im Mai? Wir haben f\u00fcr dich die sch\u00f6nsten Reisziele zusammengestellt, damit du im Mai genau die Auszeit findest, die du dir w\u00fcnscht.\",\"breadcrumb\":{\"@id\":\"https:\\\/\\\/www.tui.com\\\/blog\\\/wohin-im-mai\\\/#breadcrumb\"},\"inLanguage\":\"de\",\"potentialAction\":[{\"@type\":\"ReadAction\",\"target\":[\"https:\\\/\\\/www.tui.com\\\/blog\\\/wohin-im-mai\\\/\"]}]},{\"@type\":\"ImageObject\",\"inLanguage\":\"de\",\"@id\":\"https:\\\/\\\/www.tui.com\\\/blog\\\/wohin-im-mai\\\/#primaryimage\",\"url\":\"https:\\\/\\\/www.tui.com\\\/blog\\\/wp-content\\\/uploads\\\/2025\\\/11\\\/Korfu_TKC-Roda-Beach_Sonnenuntergang_Beach-Bar.jpg\",\"contentUrl\":\"https:\\\/\\\/www.tui.com\\\/blog\\\/wp-content\\\/uploads\\\/2025\\\/11\\\/Korfu_TKC-Roda-Beach_Sonnenuntergang_Beach-Bar.jpg\",\"width\":1600,\"height\":1200,\"caption\":\"Korfu-TUI Kids Club Roda Beach\"},{\"@type\":\"BreadcrumbList\",\"@id\":\"https:\\\/\\\/www.tui.com\\\/blog\\\/wohin-im-mai\\\/#breadcrumb\",\"itemListElement\":[{\"@type\":\"ListItem\",\"position\":1,\"name\":\"Startseite\",\"item\":\"https:\\\/\\\/www.tui.com\\\/blog\\\/\"},{\"@type\":\"ListItem\",\"position\":2,\"name\":\"Wohin im Mai? Entdecke die sch\u00f6nsten Reiseziele f\u00fcr den Wonnemonat\"}]},{\"@type\":\"WebSite\",\"@id\":\"https:\\\/\\\/www.tui.com\\\/blog\\\/#website\",\"url\":\"https:\\\/\\\/www.tui.com\\\/blog\\\/\",\"name\":\"TUI.com Reiseblog \u2600\",\"description\":\"Abenteuer oder lieber an den Strand? \u2600 Der TUI Reiseblog bietet tolle Infos rund um deine n\u00e4chste Reise \u2708 Komm vorbei und lass dich inspirieren \u221a\",\"publisher\":{\"@id\":\"https:\\\/\\\/www.tui.com\\\/blog\\\/#organization\"},\"potentialAction\":[{\"@type\":\"SearchAction\",\"target\":{\"@type\":\"EntryPoint\",\"urlTemplate\":\"https:\\\/\\\/www.tui.com\\\/blog\\\/?s={search_term_string}\"},\"query-input\":{\"@type\":\"PropertyValueSpecification\",\"valueRequired\":true,\"valueName\":\"search_term_string\"}}],\"inLanguage\":\"de\"},{\"@type\":\"Organization\",\"@id\":\"https:\\\/\\\/www.tui.com\\\/blog\\\/#organization\",\"name\":\"TUI.com Reiseblog \u2600\",\"url\":\"https:\\\/\\\/www.tui.com\\\/blog\\\/\",\"logo\":{\"@type\":\"ImageObject\",\"inLanguage\":\"de\",\"@id\":\"https:\\\/\\\/www.tui.com\\\/blog\\\/#\\\/schema\\\/logo\\\/image\\\/\",\"url\":\"https:\\\/\\\/www.tui.com\\\/blog\\\/wp-content\\\/uploads\\\/2023\\\/04\\\/cropped-tui-logo-3.png\",\"contentUrl\":\"https:\\\/\\\/www.tui.com\\\/blog\\\/wp-content\\\/uploads\\\/2023\\\/04\\\/cropped-tui-logo-3.png\",\"width\":164,\"height\":72,\"caption\":\"TUI.com Reiseblog \u2600\"},\"image\":{\"@id\":\"https:\\\/\\\/www.tui.com\\\/blog\\\/#\\\/schema\\\/logo\\\/image\\\/\"}},{\"@type\":\"Person\",\"@id\":\"https:\\\/\\\/www.tui.com\\\/blog\\\/#\\\/schema\\\/person\\\/cbf1fe396c255260d83c8c23cbb339b9\",\"name\":\"TUI Bloggerin Sabina\",\"image\":{\"@type\":\"ImageObject\",\"inLanguage\":\"de\",\"@id\":\"https:\\\/\\\/www.tui.com\\\/blog\\\/wp-content\\\/uploads\\\/2023\\\/07\\\/sabina-wittmann-profilbild-klein-96x96.jpg\",\"url\":\"https:\\\/\\\/www.tui.com\\\/blog\\\/wp-content\\\/uploads\\\/2023\\\/07\\\/sabina-wittmann-profilbild-klein-96x96.jpg\",\"contentUrl\":\"https:\\\/\\\/www.tui.com\\\/blog\\\/wp-content\\\/uploads\\\/2023\\\/07\\\/sabina-wittmann-profilbild-klein-96x96.jpg\",\"caption\":\"TUI Bloggerin Sabina\"},\"url\":\"https:\\\/\\\/www.tui.com\\\/blog\\\/author\\\/tui-bloggerin-sabina\\\/\"}]}<\/script>\n<!-- \/ Yoast SEO plugin. -->","yoast_head_json":{"title":"Wohin im Mai in den Urlaub? - TUI.com Reiseblog \u2600","description":"Urlaub aber wohin im Mai? Wir haben f\u00fcr dich die sch\u00f6nsten Reisziele zusammengestellt, damit du im Mai genau die Auszeit findest, die du dir w\u00fcnscht.","robots":{"index":"index","follow":"follow","max-snippet":"max-snippet:-1","max-image-preview":"max-image-preview:large","max-video-preview":"max-video-preview:-1"},"canonical":"https:\/\/www.tui.com\/blog\/wohin-im-mai\/","og_locale":"de_DE","og_type":"article","og_title":"Wohin im Mai in den Urlaub? - TUI.com Reiseblog \u2600","og_description":"Urlaub aber wohin im Mai? Wir haben f\u00fcr dich die sch\u00f6nsten Reisziele zusammengestellt, damit du im Mai genau die Auszeit findest, die du dir w\u00fcnscht.","og_url":"https:\/\/www.tui.com\/blog\/wohin-im-mai\/","og_site_name":"TUI.com Reiseblog \u2600","article_published_time":"2025-12-05T11:00:00+00:00","og_image":[{"width":1600,"height":1200,"url":"https:\/\/www.tui.com\/blog\/wp-content\/uploads\/2025\/11\/Korfu_TKC-Roda-Beach_Sonnenuntergang_Beach-Bar.jpg","type":"image\/jpeg"}],"author":"TUI Bloggerin Sabina","twitter_card":"summary_large_image","twitter_misc":{"Verfasst von":"TUI Bloggerin Sabina","Gesch\u00e4tzte Lesezeit":"5\u00a0Minuten"},"schema":{"@context":"https:\/\/schema.org","@graph":[{"@type":"BlogPosting","@id":"https:\/\/www.tui.com\/blog\/wohin-im-mai\/#article","isPartOf":{"@id":"https:\/\/www.tui.com\/blog\/wohin-im-mai\/"},"author":{"name":"TUI Bloggerin Sabina","@id":"https:\/\/www.tui.com\/blog\/#\/schema\/person\/cbf1fe396c255260d83c8c23cbb339b9"},"headline":"Wohin im Mai? Entdecke die sch\u00f6nsten Reiseziele f\u00fcr den Wonnemonat","datePublished":"2025-12-05T11:00:00+00:00","mainEntityOfPage":{"@id":"https:\/\/www.tui.com\/blog\/wohin-im-mai\/"},"wordCount":1068,"commentCount":0,"publisher":{"@id":"https:\/\/www.tui.com\/blog\/#organization"},"image":{"@id":"https:\/\/www.tui.com\/blog\/wohin-im-mai\/#primaryimage"},"thumbnailUrl":"https:\/\/www.tui.com\/blog\/wp-content\/uploads\/2025\/11\/Korfu_TKC-Roda-Beach_Sonnenuntergang_Beach-Bar.jpg","keywords":["Beliebte Reiseziele","Fr\u00fchling","Reiseinspiration"],"articleSection":["Beste Reisezeit","Reisearten","Reiseplanung","Reisetipps"],"inLanguage":"de","potentialAction":[{"@type":"CommentAction","name":"Comment","target":["https:\/\/www.tui.com\/blog\/wohin-im-mai\/#respond"]}]},{"@type":"WebPage","@id":"https:\/\/www.tui.com\/blog\/wohin-im-mai\/","url":"https:\/\/www.tui.com\/blog\/wohin-im-mai\/","name":"Wohin im Mai in den Urlaub? - TUI.com Reiseblog \u2600","isPartOf":{"@id":"https:\/\/www.tui.com\/blog\/#website"},"primaryImageOfPage":{"@id":"https:\/\/www.tui.com\/blog\/wohin-im-mai\/#primaryimage"},"image":{"@id":"https:\/\/www.tui.com\/blog\/wohin-im-mai\/#primaryimage"},"thumbnailUrl":"https:\/\/www.tui.com\/blog\/wp-content\/uploads\/2025\/11\/Korfu_TKC-Roda-Beach_Sonnenuntergang_Beach-Bar.jpg","datePublished":"2025-12-05T11:00:00+00:00","description":"Urlaub aber wohin im Mai? Wir haben f\u00fcr dich die sch\u00f6nsten Reisziele zusammengestellt, damit du im Mai genau die Auszeit findest, die du dir w\u00fcnscht.","breadcrumb":{"@id":"https:\/\/www.tui.com\/blog\/wohin-im-mai\/#breadcrumb"},"inLanguage":"de","potentialAction":[{"@type":"ReadAction","target":["https:\/\/www.tui.com\/blog\/wohin-im-mai\/"]}]},{"@type":"ImageObject","inLanguage":"de","@id":"https:\/\/www.tui.com\/blog\/wohin-im-mai\/#primaryimage","url":"https:\/\/www.tui.com\/blog\/wp-content\/uploads\/2025\/11\/Korfu_TKC-Roda-Beach_Sonnenuntergang_Beach-Bar.jpg","contentUrl":"https:\/\/www.tui.com\/blog\/wp-content\/uploads\/2025\/11\/Korfu_TKC-Roda-Beach_Sonnenuntergang_Beach-Bar.jpg","width":1600,"height":1200,"caption":"Korfu-TUI Kids Club Roda Beach"},{"@type":"BreadcrumbList","@id":"https:\/\/www.tui.com\/blog\/wohin-im-mai\/#breadcrumb","itemListElement":[{"@type":"ListItem","position":1,"name":"Startseite","item":"https:\/\/www.tui.com\/blog\/"},{"@type":"ListItem","position":2,"name":"Wohin im Mai? Entdecke die sch\u00f6nsten Reiseziele f\u00fcr den Wonnemonat"}]},{"@type":"WebSite","@id":"https:\/\/www.tui.com\/blog\/#website","url":"https:\/\/www.tui.com\/blog\/","name":"TUI.com Reiseblog \u2600","description":"Abenteuer oder lieber an den Strand? \u2600 Der TUI Reiseblog bietet tolle Infos rund um deine n\u00e4chste Reise \u2708 Komm vorbei und lass dich inspirieren \u221a","publisher":{"@id":"https:\/\/www.tui.com\/blog\/#organization"},"potentialAction":[{"@type":"SearchAction","target":{"@type":"EntryPoint","urlTemplate":"https:\/\/www.tui.com\/blog\/?s={search_term_string}"},"query-input":{"@type":"PropertyValueSpecification","valueRequired":true,"valueName":"search_term_string"}}],"inLanguage":"de"},{"@type":"Organization","@id":"https:\/\/www.tui.com\/blog\/#organization","name":"TUI.com Reiseblog \u2600","url":"https:\/\/www.tui.com\/blog\/","logo":{"@type":"ImageObject","inLanguage":"de","@id":"https:\/\/www.tui.com\/blog\/#\/schema\/logo\/image\/","url":"https:\/\/www.tui.com\/blog\/wp-content\/uploads\/2023\/04\/cropped-tui-logo-3.png","contentUrl":"https:\/\/www.tui.com\/blog\/wp-content\/uploads\/2023\/04\/cropped-tui-logo-3.png","width":164,"height":72,"caption":"TUI.com Reiseblog \u2600"},"image":{"@id":"https:\/\/www.tui.com\/blog\/#\/schema\/logo\/image\/"}},{"@type":"Person","@id":"https:\/\/www.tui.com\/blog\/#\/schema\/person\/cbf1fe396c255260d83c8c23cbb339b9","name":"TUI Bloggerin Sabina","image":{"@type":"ImageObject","inLanguage":"de","@id":"https:\/\/www.tui.com\/blog\/wp-content\/uploads\/2023\/07\/sabina-wittmann-profilbild-klein-96x96.jpg","url":"https:\/\/www.tui.com\/blog\/wp-content\/uploads\/2023\/07\/sabina-wittmann-profilbild-klein-96x96.jpg","contentUrl":"https:\/\/www.tui.com\/blog\/wp-content\/uploads\/2023\/07\/sabina-wittmann-profilbild-klein-96x96.jpg","caption":"TUI Bloggerin Sabina"},"url":"https:\/\/www.tui.com\/blog\/author\/tui-bloggerin-sabina\/"}]}},"_links":{"self":[{"href":"https:\/\/www.tui.com\/blog\/wp-json\/wp\/v2\/posts\/493070","targetHints":{"allow":["GET"]}}],"collection":[{"href":"https:\/\/www.tui.com\/blog\/wp-json\/wp\/v2\/posts"}],"about":[{"href":"https:\/\/www.tui.com\/blog\/wp-json\/wp\/v2\/types\/post"}],"author":[{"embeddable":true,"href":"https:\/\/www.tui.com\/blog\/wp-json\/wp\/v2\/users\/178"}],"replies":[{"embeddable":true,"href":"https:\/\/www.tui.com\/blog\/wp-json\/wp\/v2\/comments?post=493070"}],"version-history":[{"count":47,"href":"https:\/\/www.tui.com\/blog\/wp-json\/wp\/v2\/posts\/493070\/revisions"}],"predecessor-version":[{"id":494016,"href":"https:\/\/www.tui.com\/blog\/wp-json\/wp\/v2\/posts\/493070\/revisions\/494016"}],"wp:featuredmedia":[{"embeddable":true,"href":"https:\/\/www.tui.com\/blog\/wp-json\/wp\/v2\/media\/493364"}],"wp:attachment":[{"href":"https:\/\/www.tui.com\/blog\/wp-json\/wp\/v2\/media?parent=493070"}],"wp:term":[{"taxonomy":"category","embeddable":true,"href":"https:\/\/www.tui.com\/blog\/wp-json\/wp\/v2\/categories?post=493070"},{"taxonomy":"post_tag","embeddable":true,"href":"https:\/\/www.tui.com\/blog\/wp-json\/wp\/v2\/tags?post=493070"}],"curies":[{"name":"wp","href":"https:\/\/api.w.org\/{rel}","templated":true}]}}